{"id":166,"date":"2021-11-16T14:05:00","date_gmt":"2021-11-16T14:05:00","guid":{"rendered":"https:\/\/smilepraxis.wpenginepowered.com\/smilepraxis-am-gesundheitsforum-graubunden\/"},"modified":"2024-01-02T15:52:36","modified_gmt":"2024-01-02T15:52:36","slug":"smilepraxis-am-gesundheitsforum-graubunden","status":"publish","type":"post","link":"https:\/\/smilepraxis.ch\/de\/smilepraxis-am-gesundheitsforum-graubunden\/","title":{"rendered":"SmilePraxis am Gesundheitsforum Graub\u00fcnden"},"content":{"rendered":"<p class=\"ckeditor_p\">Am 7. April 2018 fand die Gesundheitsmesse in Chur, Graub\u00fcnden statt. Es gab sehr viele unterschiedliche und spannende St\u00e4nde, welche mit der Zahnmedizin eng verbunden waren.<br \/>\nEs war erstaunlich, wie viele Menschen uns besucht haben und es wurde auch sehr viel Interesse gezeigt. Das ganze SmilePraxis Team war vor Ort.<br \/>\nUnsere Hauptthemen waren der 3D-Scanner, Implantate, verschiedenen Schienen, sowie die allgemeine moderne Zahnmedizin. Der 3D-Scanner kam bei den Besuchern sehr gut an. Viele waren begeistert \u00fcber die Abformmethode als digitale Variante, statt den gew\u00f6hnlichen Abformmaterialien.<br \/>\nZahnarzt Gustav Nordin zeigte dies auch direkt vor Ort, damit die Besucher einen direkten Einblick bekommen haben, sowie erkl\u00e4rte er wie und wieso wir diese digitale Variante bevorzugen.<br \/>\nWie schon oben erw\u00e4hnt zeigten die meisten sehr viel Interesse, was nat\u00fcrlich eine riesen Freude f\u00fcr uns war. Wenn wir den ganzen Tag zusammenfassen, war es ein erfolgreicher und sehr spannender Tag f\u00fcr uns alle.<\/p>\n","protected":false},"excerpt":{"rendered":"<p>Am 7. April 2018 fand die Gesundheitsmesse in Chur, Graub\u00fcnden statt. Die SmilePraxis war live mit dabei.<\/p>\n","protected":false},"author":1,"featured_media":0,"comment_status":"open","ping_status":"open","sticky":false,"template":"","format":"standard","meta":{"_acf_changed":false,"footnotes":""},"categories":[6],"tags":[],"class_list":["post-166","post","type-post","status-publish","format-standard","hentry","category-aktuelles"],"acf":[],"yoast_head":"<!-- This site is optimized with the Yoast SEO plugin v26.1.1 - https:\/\/yoast.com\/wordpress\/plugins\/seo\/ -->\n<title>SmilePraxis am Gesundheitsforum Graub\u00fcnden - SmilePraxis<\/title>\n<meta name=\"robots\" content=\"index, follow, max-snippet:-1, max-image-preview:large, max-video-preview:-1\" \/>\n<link rel=\"canonical\" href=\"https:\/\/smilepraxis.ch\/de\/smilepraxis-am-gesundheitsforum-graubunden\/\" \/>\n<meta property=\"og:locale\" content=\"de_DE\" \/>\n<meta property=\"og:type\" content=\"article\" \/>\n<meta property=\"og:title\" content=\"SmilePraxis am Gesundheitsforum Graub\u00fcnden - SmilePraxis\" \/>\n<meta property=\"og:description\" content=\"Am 7. April 2018 fand die Gesundheitsmesse in Chur, Graub\u00fcnden statt. Die SmilePraxis war live mit dabei.\" \/>\n<meta property=\"og:url\" content=\"https:\/\/smilepraxis.ch\/de\/smilepraxis-am-gesundheitsforum-graubunden\/\" \/>\n<meta property=\"og:site_name\" content=\"SmilePraxis\" \/>\n<meta property=\"article:publisher\" content=\"https:\/\/www.facebook.com\/smilepraxis\" \/>\n<meta property=\"article:published_time\" content=\"2021-11-16T14:05:00+00:00\" \/>\n<meta property=\"article:modified_time\" content=\"2024-01-02T15:52:36+00:00\" \/>\n<meta name=\"author\" content=\"smilepraxis\" \/>\n<meta name=\"twitter:card\" content=\"summary_large_image\" \/>\n<meta name=\"twitter:label1\" content=\"Written by\" \/>\n\t<meta name=\"twitter:data1\" content=\"smilepraxis\" \/>\n\t<meta name=\"twitter:label2\" content=\"Est. reading time\" \/>\n\t<meta name=\"twitter:data2\" content=\"1\u00a0Minute\" \/>\n<script type=\"application\/ld+json\" class=\"yoast-schema-graph\">{\"@context\":\"https:\/\/schema.org\",\"@graph\":[{\"@type\":\"Article\",\"@id\":\"https:\/\/smilepraxis.ch\/de\/smilepraxis-am-gesundheitsforum-graubunden\/#article\",\"isPartOf\":{\"@id\":\"https:\/\/smilepraxis.ch\/de\/smilepraxis-am-gesundheitsforum-graubunden\/\"},\"author\":{\"name\":\"smilepraxis\",\"@id\":\"https:\/\/smilepraxis.ch\/de\/#\/schema\/person\/807c2240c02440f46c11902231610b8a\"},\"headline\":\"SmilePraxis am Gesundheitsforum Graub\u00fcnden\",\"datePublished\":\"2021-11-16T14:05:00+00:00\",\"dateModified\":\"2024-01-02T15:52:36+00:00\",\"mainEntityOfPage\":{\"@id\":\"https:\/\/smilepraxis.ch\/de\/smilepraxis-am-gesundheitsforum-graubunden\/\"},\"wordCount\":159,\"commentCount\":0,\"publisher\":{\"@id\":\"https:\/\/smilepraxis.ch\/de\/#organization\"},\"articleSection\":[\"Aktuelles\"],\"inLanguage\":\"de-CH\",\"potentialAction\":[{\"@type\":\"CommentAction\",\"name\":\"Comment\",\"target\":[\"https:\/\/smilepraxis.ch\/de\/smilepraxis-am-gesundheitsforum-graubunden\/#respond\"]}]},{\"@type\":\"WebPage\",\"@id\":\"https:\/\/smilepraxis.ch\/de\/smilepraxis-am-gesundheitsforum-graubunden\/\",\"url\":\"https:\/\/smilepraxis.ch\/de\/smilepraxis-am-gesundheitsforum-graubunden\/\",\"name\":\"SmilePraxis am Gesundheitsforum Graub\u00fcnden - SmilePraxis\",\"isPartOf\":{\"@id\":\"https:\/\/smilepraxis.ch\/de\/#website\"},\"datePublished\":\"2021-11-16T14:05:00+00:00\",\"dateModified\":\"2024-01-02T15:52:36+00:00\",\"breadcrumb\":{\"@id\":\"https:\/\/smilepraxis.ch\/de\/smilepraxis-am-gesundheitsforum-graubunden\/#breadcrumb\"},\"inLanguage\":\"de-CH\",\"potentialAction\":[{\"@type\":\"ReadAction\",\"target\":[\"https:\/\/smilepraxis.ch\/de\/smilepraxis-am-gesundheitsforum-graubunden\/\"]}]},{\"@type\":\"BreadcrumbList\",\"@id\":\"https:\/\/smilepraxis.ch\/de\/smilepraxis-am-gesundheitsforum-graubunden\/#breadcrumb\",\"itemListElement\":[{\"@type\":\"ListItem\",\"position\":1,\"name\":\"Home\",\"item\":\"https:\/\/smilepraxis.ch\/de\/\"},{\"@type\":\"ListItem\",\"position\":2,\"name\":\"SmilePraxis am Gesundheitsforum Graub\u00fcnden\"}]},{\"@type\":\"WebSite\",\"@id\":\"https:\/\/smilepraxis.ch\/de\/#website\",\"url\":\"https:\/\/smilepraxis.ch\/de\/\",\"name\":\"SmilePraxis\",\"description\":\"\",\"publisher\":{\"@id\":\"https:\/\/smilepraxis.ch\/de\/#organization\"},\"potentialAction\":[{\"@type\":\"SearchAction\",\"target\":{\"@type\":\"EntryPoint\",\"urlTemplate\":\"https:\/\/smilepraxis.ch\/de\/?s={search_term_string}\"},\"query-input\":{\"@type\":\"PropertyValueSpecification\",\"valueRequired\":true,\"valueName\":\"search_term_string\"}}],\"inLanguage\":\"de-CH\"},{\"@type\":\"Organization\",\"@id\":\"https:\/\/smilepraxis.ch\/de\/#organization\",\"name\":\"SmilePraxis\",\"url\":\"https:\/\/smilepraxis.ch\/de\/\",\"logo\":{\"@type\":\"ImageObject\",\"inLanguage\":\"de-CH\",\"@id\":\"https:\/\/smilepraxis.ch\/de\/#\/schema\/logo\/image\/\",\"url\":\"https:\/\/smilepraxis.wpenginepowered.com\/wp-content\/uploads\/2023\/12\/smilepraxis-logo.png\",\"contentUrl\":\"https:\/\/smilepraxis.wpenginepowered.com\/wp-content\/uploads\/2023\/12\/smilepraxis-logo.png\",\"width\":1544,\"height\":346,\"caption\":\"SmilePraxis\"},\"image\":{\"@id\":\"https:\/\/smilepraxis.ch\/de\/#\/schema\/logo\/image\/\"},\"sameAs\":[\"https:\/\/www.facebook.com\/smilepraxis\"]},{\"@type\":\"Person\",\"@id\":\"https:\/\/smilepraxis.ch\/de\/#\/schema\/person\/807c2240c02440f46c11902231610b8a\",\"name\":\"smilepraxis\",\"image\":{\"@type\":\"ImageObject\",\"inLanguage\":\"de-CH\",\"@id\":\"https:\/\/smilepraxis.ch\/de\/#\/schema\/person\/image\/\",\"url\":\"https:\/\/secure.gravatar.com\/avatar\/9b0eda8745e85988f3c40024cacdac1820f9ac8742c03c67ec6867201080f1c3?s=96&d=mm&r=g\",\"contentUrl\":\"https:\/\/secure.gravatar.com\/avatar\/9b0eda8745e85988f3c40024cacdac1820f9ac8742c03c67ec6867201080f1c3?s=96&d=mm&r=g\",\"caption\":\"smilepraxis\"},\"sameAs\":[\"https:\/\/smilepraxis.wpenginepowered.com\"],\"url\":\"https:\/\/smilepraxis.ch\/de\/author\/smilepraxis\/\"}]}<\/script>\n<!-- \/ Yoast SEO plugin. -->","yoast_head_json":{"title":"SmilePraxis am Gesundheitsforum Graub\u00fcnden - SmilePraxis","robots":{"index":"index","follow":"follow","max-snippet":"max-snippet:-1","max-image-preview":"max-image-preview:large","max-video-preview":"max-video-preview:-1"},"canonical":"https:\/\/smilepraxis.ch\/de\/smilepraxis-am-gesundheitsforum-graubunden\/","og_locale":"de_DE","og_type":"article","og_title":"SmilePraxis am Gesundheitsforum Graub\u00fcnden - SmilePraxis","og_description":"Am 7. April 2018 fand die Gesundheitsmesse in Chur, Graub\u00fcnden statt. Die SmilePraxis war live mit dabei.","og_url":"https:\/\/smilepraxis.ch\/de\/smilepraxis-am-gesundheitsforum-graubunden\/","og_site_name":"SmilePraxis","article_publisher":"https:\/\/www.facebook.com\/smilepraxis","article_published_time":"2021-11-16T14:05:00+00:00","article_modified_time":"2024-01-02T15:52:36+00:00","author":"smilepraxis","twitter_card":"summary_large_image","twitter_misc":{"Written by":"smilepraxis","Est. reading time":"1\u00a0Minute"},"schema":{"@context":"https:\/\/schema.org","@graph":[{"@type":"Article","@id":"https:\/\/smilepraxis.ch\/de\/smilepraxis-am-gesundheitsforum-graubunden\/#article","isPartOf":{"@id":"https:\/\/smilepraxis.ch\/de\/smilepraxis-am-gesundheitsforum-graubunden\/"},"author":{"name":"smilepraxis","@id":"https:\/\/smilepraxis.ch\/de\/#\/schema\/person\/807c2240c02440f46c11902231610b8a"},"headline":"SmilePraxis am Gesundheitsforum Graub\u00fcnden","datePublished":"2021-11-16T14:05:00+00:00","dateModified":"2024-01-02T15:52:36+00:00","mainEntityOfPage":{"@id":"https:\/\/smilepraxis.ch\/de\/smilepraxis-am-gesundheitsforum-graubunden\/"},"wordCount":159,"commentCount":0,"publisher":{"@id":"https:\/\/smilepraxis.ch\/de\/#organization"},"articleSection":["Aktuelles"],"inLanguage":"de-CH","potentialAction":[{"@type":"CommentAction","name":"Comment","target":["https:\/\/smilepraxis.ch\/de\/smilepraxis-am-gesundheitsforum-graubunden\/#respond"]}]},{"@type":"WebPage","@id":"https:\/\/smilepraxis.ch\/de\/smilepraxis-am-gesundheitsforum-graubunden\/","url":"https:\/\/smilepraxis.ch\/de\/smilepraxis-am-gesundheitsforum-graubunden\/","name":"SmilePraxis am Gesundheitsforum Graub\u00fcnden - SmilePraxis","isPartOf":{"@id":"https:\/\/smilepraxis.ch\/de\/#website"},"datePublished":"2021-11-16T14:05:00+00:00","dateModified":"2024-01-02T15:52:36+00:00","breadcrumb":{"@id":"https:\/\/smilepraxis.ch\/de\/smilepraxis-am-gesundheitsforum-graubunden\/#breadcrumb"},"inLanguage":"de-CH","potentialAction":[{"@type":"ReadAction","target":["https:\/\/smilepraxis.ch\/de\/smilepraxis-am-gesundheitsforum-graubunden\/"]}]},{"@type":"BreadcrumbList","@id":"https:\/\/smilepraxis.ch\/de\/smilepraxis-am-gesundheitsforum-graubunden\/#breadcrumb","itemListElement":[{"@type":"ListItem","position":1,"name":"Home","item":"https:\/\/smilepraxis.ch\/de\/"},{"@type":"ListItem","position":2,"name":"SmilePraxis am Gesundheitsforum Graub\u00fcnden"}]},{"@type":"WebSite","@id":"https:\/\/smilepraxis.ch\/de\/#website","url":"https:\/\/smilepraxis.ch\/de\/","name":"SmilePraxis","description":"","publisher":{"@id":"https:\/\/smilepraxis.ch\/de\/#organization"},"potentialAction":[{"@type":"SearchAction","target":{"@type":"EntryPoint","urlTemplate":"https:\/\/smilepraxis.ch\/de\/?s={search_term_string}"},"query-input":{"@type":"PropertyValueSpecification","valueRequired":true,"valueName":"search_term_string"}}],"inLanguage":"de-CH"},{"@type":"Organization","@id":"https:\/\/smilepraxis.ch\/de\/#organization","name":"SmilePraxis","url":"https:\/\/smilepraxis.ch\/de\/","logo":{"@type":"ImageObject","inLanguage":"de-CH","@id":"https:\/\/smilepraxis.ch\/de\/#\/schema\/logo\/image\/","url":"https:\/\/smilepraxis.wpenginepowered.com\/wp-content\/uploads\/2023\/12\/smilepraxis-logo.png","contentUrl":"https:\/\/smilepraxis.wpenginepowered.com\/wp-content\/uploads\/2023\/12\/smilepraxis-logo.png","width":1544,"height":346,"caption":"SmilePraxis"},"image":{"@id":"https:\/\/smilepraxis.ch\/de\/#\/schema\/logo\/image\/"},"sameAs":["https:\/\/www.facebook.com\/smilepraxis"]},{"@type":"Person","@id":"https:\/\/smilepraxis.ch\/de\/#\/schema\/person\/807c2240c02440f46c11902231610b8a","name":"smilepraxis","image":{"@type":"ImageObject","inLanguage":"de-CH","@id":"https:\/\/smilepraxis.ch\/de\/#\/schema\/person\/image\/","url":"https:\/\/secure.gravatar.com\/avatar\/9b0eda8745e85988f3c40024cacdac1820f9ac8742c03c67ec6867201080f1c3?s=96&d=mm&r=g","contentUrl":"https:\/\/secure.gravatar.com\/avatar\/9b0eda8745e85988f3c40024cacdac1820f9ac8742c03c67ec6867201080f1c3?s=96&d=mm&r=g","caption":"smilepraxis"},"sameAs":["https:\/\/smilepraxis.wpenginepowered.com"],"url":"https:\/\/smilepraxis.ch\/de\/author\/smilepraxis\/"}]}},"featured_image_src":null,"featured_image_src_square":null,"author_info":{"display_name":"smilepraxis","author_link":"https:\/\/smilepraxis.ch\/de\/author\/smilepraxis\/"},"_links":{"self":[{"href":"https:\/\/smilepraxis.ch\/de\/wp-json\/wp\/v2\/posts\/166","targetHints":{"allow":["GET"]}}],"collection":[{"href":"https:\/\/smilepraxis.ch\/de\/wp-json\/wp\/v2\/posts"}],"about":[{"href":"https:\/\/smilepraxis.ch\/de\/wp-json\/wp\/v2\/types\/post"}],"author":[{"embeddable":true,"href":"https:\/\/smilepraxis.ch\/de\/wp-json\/wp\/v2\/users\/1"}],"replies":[{"embeddable":true,"href":"https:\/\/smilepraxis.ch\/de\/wp-json\/wp\/v2\/comments?post=166"}],"version-history":[{"count":0,"href":"https:\/\/smilepraxis.ch\/de\/wp-json\/wp\/v2\/posts\/166\/revisions"}],"wp:attachment":[{"href":"https:\/\/smilepraxis.ch\/de\/wp-json\/wp\/v2\/media?parent=166"}],"wp:term":[{"taxonomy":"category","embeddable":true,"href":"https:\/\/smilepraxis.ch\/de\/wp-json\/wp\/v2\/categories?post=166"},{"taxonomy":"post_tag","embeddable":true,"href":"https:\/\/smilepraxis.ch\/de\/wp-json\/wp\/v2\/tags?post=166"}],"curies":[{"name":"wp","href":"https:\/\/api.w.org\/{rel}","templated":true}]}}