{"id":2165,"date":"2025-09-05T14:35:56","date_gmt":"2025-09-05T14:35:56","guid":{"rendered":"https:\/\/smilepraxis.ch\/de\/?p=2165"},"modified":"2025-09-05T14:35:58","modified_gmt":"2025-09-05T14:35:58","slug":"parodontitis-die-entzuendung-im-mund-ein-risiko-fuer-den-ganzen-koerper","status":"publish","type":"post","link":"https:\/\/smilepraxis.ch\/de\/parodontitis-die-entzuendung-im-mund-ein-risiko-fuer-den-ganzen-koerper\/","title":{"rendered":"Parodontitis: Die Entz\u00fcndung im Mund \u2013 ein Risiko f\u00fcr den ganzen K\u00f6rper"},"content":{"rendered":"\n<p><em>Fr\u00fch erkennen. Ganzheitlich behandeln. Gesund bleiben.<\/em><\/p>\n\n\n\n<p>Parodontitis ist weit mehr als nur eine Zahnfleischentz\u00fcndung.<br>Sie ist eine chronische Erkrankung, die den Zahnhalteapparat \u2013 also das Gewebe, das Ihre Z\u00e4hne im Kiefer festh\u00e4lt \u2013 angreift und oft lange unbemerkt bleibt.<\/p>\n\n\n\n<p>Ausgel\u00f6st wird sie durch bakterielle Bel\u00e4ge (Plaque) auf den Z\u00e4hnen, die das Zahnfleisch reizen und eine Entz\u00fcndungsreaktion hervorrufen. Bleibt die Parodontitis unbehandelt, kann sie nicht nur zum Zahnverlust f\u00fchren, sondern auch den gesamten K\u00f6rper belasten.<\/p>\n\n\n\n<p>Wie macht sich Parodontitis bemerkbar?<\/p>\n\n\n\n<p>Zu Beginn sind die Symptome meist mild: ger\u00f6tetes, geschwollenes oder blutendes Zahnfleisch \u2013 h\u00e4ufig beim Z\u00e4hneputzen.<br>Unbehandelt schreitet die Entz\u00fcndung voran, das Zahnfleisch zieht sich zur\u00fcck und es entstehen sogenannte Zahnfleischtaschen, in denen sich Bakterien ansiedeln.<br>Der Abbau von Knochen und Bindegewebe f\u00fchrt schlie\u00dflich dazu, dass Z\u00e4hne locker werden und im schlimmsten Fall ausfallen.<\/p>\n\n\n\n<p>Die unsichtbare Gefahr im Mund<\/p>\n\n\n\n<p>Parodontitis entsteht durch bakterielle Bel\u00e4ge, die eine chronische Entz\u00fcndung ausl\u00f6sen. Mit der Zeit breitet sich die Entz\u00fcndung auf den Knochen und das umliegende Gewebe aus.<br>Bleibt die Erkrankung unbehandelt, gelangen entz\u00fcndungsf\u00f6rdernde Bakterien und Stoffwechselprodukte in die Blutbahn \u2013 mit Auswirkungen auf den gesamten Organismus.<\/p>\n\n\n\n<p>Wechselwirkungen, die Sie kennen sollten:<\/p>\n\n\n\n<p>\ud83d\udc93 Herz-Kreislauf-Erkrankungen:<\/p>\n\n\n\n<ul class=\"wp-block-list\">\n<li>Entz\u00fcndungen aus dem Mund k\u00f6nnen die Gef\u00e4\u00dfinnenw\u00e4nde sch\u00e4digen<\/li>\n\n\n\n<li>Erh\u00f6htes Risiko f\u00fcr Arteriosklerose, Herzinfarkt und Schlaganfall<\/li>\n\n\n\n<li>Parodontitis gilt heute als wichtiger Risikofaktor f\u00fcr Herzpatienten<\/li>\n<\/ul>\n\n\n\n<p>\ud83e\ude78 Diabetes:<\/p>\n\n\n\n<ul class=\"wp-block-list\">\n<li>Menschen mit Diabetes haben ein deutlich erh\u00f6htes Risiko f\u00fcr Parodontitis<\/li>\n\n\n\n<li>Umgekehrt kann eine unbehandelte Parodontitis die Blutzuckerwerte negativ beeinflussen<\/li>\n\n\n\n<li>Eine erfolgreiche Behandlung der Zahnfleischerkrankung unterst\u00fctzt die bessere Einstellung des Diabetes<\/li>\n<\/ul>\n\n\n\n<p>Ihre Vorteile in der SmilePraxis:<\/p>\n\n\n\n<ul class=\"wp-block-list\">\n<li>Ganzheitlicher Blick: Wir behandeln nicht nur Symptome, sondern auch die Zusammenh\u00e4nge zwischen Mund- und Allgemeingesundheit<\/li>\n\n\n\n<li>Fr\u00fcherkennung mit modernster Technik: z. B. Taschentiefenmessung und digitale R\u00f6ntgendiagnostik<\/li>\n\n\n\n<li>Individuelle Parodontaltherapie: Von professioneller Zahnreinigung bis hin zu innovativen Verfahren zur Knochenregeneration<\/li>\n\n\n\n<li>Enge Zusammenarbeit: Bei Bedarf stimmen wir uns mit Ihrem Haus- oder Facharzt ab<\/li>\n<\/ul>\n\n\n\n<p>Unser Ziel: Ihre Mund- und Allgemeingesundheit sch\u00fctzen<\/p>\n\n\n\n<p>Eine gesunde Mundflora ist entscheidend f\u00fcr Ihr Wohlbefinden \u2013 weit \u00fcber den Mund hinaus.<br>Parodontitis ist gut behandelbar \u2013 je fr\u00fcher sie erkannt wird, desto besser sind die Chancen auf Heilung und Erhalt Ihrer Z\u00e4hne.<\/p>\n\n\n\n<p>Vereinbaren Sie jetzt Ihren Vorsorgetermin!<br>Ihr SmilePraxis-Team<\/p>\n","protected":false},"excerpt":{"rendered":"<p>Fr\u00fch erkennen. Ganzheitlich behandeln. Gesund bleiben. Parodontitis ist weit mehr als nur eine Zahnfleischentz\u00fcndung.Sie ist eine chronische Erkrankung, die den Zahnhalteapparat \u2013 also das Gewebe, das Ihre Z\u00e4hne im Kiefer festh\u00e4lt \u2013 angreift und oft lange unbemerkt bleibt. Ausgel\u00f6st wird sie durch bakterielle Bel\u00e4ge (Plaque) auf den Z\u00e4hnen, die das Zahnfleisch reizen und eine Entz\u00fcndungsreaktion [&hellip;]<\/p>\n","protected":false},"author":3,"featured_media":1384,"comment_status":"open","ping_status":"open","sticky":false,"template":"","format":"standard","meta":{"_acf_changed":false,"footnotes":""},"categories":[6],"tags":[],"class_list":["post-2165","post","type-post","status-publish","format-standard","has-post-thumbnail","hentry","category-aktuelles"],"acf":[],"yoast_head":"<!-- This site is optimized with the Yoast SEO plugin v26.1.1 - https:\/\/yoast.com\/wordpress\/plugins\/seo\/ -->\n<title>Parodontitis: Die Entz\u00fcndung im Mund \u2013 ein Risiko f\u00fcr den ganzen K\u00f6rper - SmilePraxis<\/title>\n<meta name=\"description\" content=\"Parodontitis ist weit mehr als nur eine Zahnfleischentz\u00fcndung.Sie ist eine chronische Erkrankung, die den Zahnhalteapparat \u2013 also das Gewebe, das Ihre Z\u00e4hne im Kiefer festh\u00e4lt\" \/>\n<meta name=\"robots\" content=\"index, follow, max-snippet:-1, max-image-preview:large, max-video-preview:-1\" \/>\n<link rel=\"canonical\" href=\"https:\/\/smilepraxis.ch\/de\/parodontitis-die-entzuendung-im-mund-ein-risiko-fuer-den-ganzen-koerper\/\" \/>\n<meta property=\"og:locale\" content=\"de_DE\" \/>\n<meta property=\"og:type\" content=\"article\" \/>\n<meta property=\"og:title\" content=\"Parodontitis: Die Entz\u00fcndung im Mund \u2013 ein Risiko f\u00fcr den ganzen K\u00f6rper - SmilePraxis\" \/>\n<meta property=\"og:description\" content=\"Parodontitis ist weit mehr als nur eine Zahnfleischentz\u00fcndung.Sie ist eine chronische Erkrankung, die den Zahnhalteapparat \u2013 also das Gewebe, das Ihre Z\u00e4hne im Kiefer festh\u00e4lt\" \/>\n<meta property=\"og:url\" content=\"https:\/\/smilepraxis.ch\/de\/parodontitis-die-entzuendung-im-mund-ein-risiko-fuer-den-ganzen-koerper\/\" \/>\n<meta property=\"og:site_name\" content=\"SmilePraxis\" \/>\n<meta property=\"article:publisher\" content=\"https:\/\/www.facebook.com\/smilepraxis\" \/>\n<meta property=\"article:published_time\" content=\"2025-09-05T14:35:56+00:00\" \/>\n<meta property=\"article:modified_time\" content=\"2025-09-05T14:35:58+00:00\" \/>\n<meta property=\"og:image\" content=\"https:\/\/smilepraxis.ch\/wp-content\/uploads\/2025\/02\/6D1A3301.jpg\" \/>\n\t<meta property=\"og:image:width\" content=\"1869\" \/>\n\t<meta property=\"og:image:height\" content=\"1247\" \/>\n\t<meta property=\"og:image:type\" content=\"image\/jpeg\" \/>\n<meta name=\"author\" content=\"Erik Sell\u00e9n\" \/>\n<meta name=\"twitter:card\" content=\"summary_large_image\" \/>\n<meta name=\"twitter:label1\" content=\"Written by\" \/>\n\t<meta name=\"twitter:data1\" content=\"Erik Sell\u00e9n\" \/>\n\t<meta name=\"twitter:label2\" content=\"Est. reading time\" \/>\n\t<meta name=\"twitter:data2\" content=\"2\u00a0Minuten\" \/>\n<script type=\"application\/ld+json\" class=\"yoast-schema-graph\">{\"@context\":\"https:\/\/schema.org\",\"@graph\":[{\"@type\":\"Article\",\"@id\":\"https:\/\/smilepraxis.ch\/de\/parodontitis-die-entzuendung-im-mund-ein-risiko-fuer-den-ganzen-koerper\/#article\",\"isPartOf\":{\"@id\":\"https:\/\/smilepraxis.ch\/de\/parodontitis-die-entzuendung-im-mund-ein-risiko-fuer-den-ganzen-koerper\/\"},\"author\":{\"name\":\"Erik Sell\u00e9n\",\"@id\":\"https:\/\/smilepraxis.ch\/de\/#\/schema\/person\/61c93ecf17b70d505adb6538d175a07f\"},\"headline\":\"Parodontitis: Die Entz\u00fcndung im Mund \u2013 ein Risiko f\u00fcr den ganzen K\u00f6rper\",\"datePublished\":\"2025-09-05T14:35:56+00:00\",\"dateModified\":\"2025-09-05T14:35:58+00:00\",\"mainEntityOfPage\":{\"@id\":\"https:\/\/smilepraxis.ch\/de\/parodontitis-die-entzuendung-im-mund-ein-risiko-fuer-den-ganzen-koerper\/\"},\"wordCount\":396,\"commentCount\":0,\"publisher\":{\"@id\":\"https:\/\/smilepraxis.ch\/de\/#organization\"},\"image\":{\"@id\":\"https:\/\/smilepraxis.ch\/de\/parodontitis-die-entzuendung-im-mund-ein-risiko-fuer-den-ganzen-koerper\/#primaryimage\"},\"thumbnailUrl\":\"https:\/\/smilepraxis.ch\/wp-content\/uploads\/2025\/02\/6D1A3301.jpg\",\"articleSection\":[\"Aktuelles\"],\"inLanguage\":\"de-CH\",\"potentialAction\":[{\"@type\":\"CommentAction\",\"name\":\"Comment\",\"target\":[\"https:\/\/smilepraxis.ch\/de\/parodontitis-die-entzuendung-im-mund-ein-risiko-fuer-den-ganzen-koerper\/#respond\"]}]},{\"@type\":\"WebPage\",\"@id\":\"https:\/\/smilepraxis.ch\/de\/parodontitis-die-entzuendung-im-mund-ein-risiko-fuer-den-ganzen-koerper\/\",\"url\":\"https:\/\/smilepraxis.ch\/de\/parodontitis-die-entzuendung-im-mund-ein-risiko-fuer-den-ganzen-koerper\/\",\"name\":\"Parodontitis: Die Entz\u00fcndung im Mund \u2013 ein Risiko f\u00fcr den ganzen K\u00f6rper - SmilePraxis\",\"isPartOf\":{\"@id\":\"https:\/\/smilepraxis.ch\/de\/#website\"},\"primaryImageOfPage\":{\"@id\":\"https:\/\/smilepraxis.ch\/de\/parodontitis-die-entzuendung-im-mund-ein-risiko-fuer-den-ganzen-koerper\/#primaryimage\"},\"image\":{\"@id\":\"https:\/\/smilepraxis.ch\/de\/parodontitis-die-entzuendung-im-mund-ein-risiko-fuer-den-ganzen-koerper\/#primaryimage\"},\"thumbnailUrl\":\"https:\/\/smilepraxis.ch\/wp-content\/uploads\/2025\/02\/6D1A3301.jpg\",\"datePublished\":\"2025-09-05T14:35:56+00:00\",\"dateModified\":\"2025-09-05T14:35:58+00:00\",\"description\":\"Parodontitis ist weit mehr als nur eine Zahnfleischentz\u00fcndung.Sie ist eine chronische Erkrankung, die den Zahnhalteapparat \u2013 also das Gewebe, das Ihre Z\u00e4hne im Kiefer festh\u00e4lt\",\"breadcrumb\":{\"@id\":\"https:\/\/smilepraxis.ch\/de\/parodontitis-die-entzuendung-im-mund-ein-risiko-fuer-den-ganzen-koerper\/#breadcrumb\"},\"inLanguage\":\"de-CH\",\"potentialAction\":[{\"@type\":\"ReadAction\",\"target\":[\"https:\/\/smilepraxis.ch\/de\/parodontitis-die-entzuendung-im-mund-ein-risiko-fuer-den-ganzen-koerper\/\"]}]},{\"@type\":\"ImageObject\",\"inLanguage\":\"de-CH\",\"@id\":\"https:\/\/smilepraxis.ch\/de\/parodontitis-die-entzuendung-im-mund-ein-risiko-fuer-den-ganzen-koerper\/#primaryimage\",\"url\":\"https:\/\/smilepraxis.ch\/wp-content\/uploads\/2025\/02\/6D1A3301.jpg\",\"contentUrl\":\"https:\/\/smilepraxis.ch\/wp-content\/uploads\/2025\/02\/6D1A3301.jpg\",\"width\":1869,\"height\":1247},{\"@type\":\"BreadcrumbList\",\"@id\":\"https:\/\/smilepraxis.ch\/de\/parodontitis-die-entzuendung-im-mund-ein-risiko-fuer-den-ganzen-koerper\/#breadcrumb\",\"itemListElement\":[{\"@type\":\"ListItem\",\"position\":1,\"name\":\"Home\",\"item\":\"https:\/\/smilepraxis.ch\/de\/\"},{\"@type\":\"ListItem\",\"position\":2,\"name\":\"Parodontitis: Die Entz\u00fcndung im Mund \u2013 ein Risiko f\u00fcr den ganzen K\u00f6rper\"}]},{\"@type\":\"WebSite\",\"@id\":\"https:\/\/smilepraxis.ch\/de\/#website\",\"url\":\"https:\/\/smilepraxis.ch\/de\/\",\"name\":\"SmilePraxis\",\"description\":\"\",\"publisher\":{\"@id\":\"https:\/\/smilepraxis.ch\/de\/#organization\"},\"potentialAction\":[{\"@type\":\"SearchAction\",\"target\":{\"@type\":\"EntryPoint\",\"urlTemplate\":\"https:\/\/smilepraxis.ch\/de\/?s={search_term_string}\"},\"query-input\":{\"@type\":\"PropertyValueSpecification\",\"valueRequired\":true,\"valueName\":\"search_term_string\"}}],\"inLanguage\":\"de-CH\"},{\"@type\":\"Organization\",\"@id\":\"https:\/\/smilepraxis.ch\/de\/#organization\",\"name\":\"SmilePraxis\",\"url\":\"https:\/\/smilepraxis.ch\/de\/\",\"logo\":{\"@type\":\"ImageObject\",\"inLanguage\":\"de-CH\",\"@id\":\"https:\/\/smilepraxis.ch\/de\/#\/schema\/logo\/image\/\",\"url\":\"https:\/\/smilepraxis.wpenginepowered.com\/wp-content\/uploads\/2023\/12\/smilepraxis-logo.png\",\"contentUrl\":\"https:\/\/smilepraxis.wpenginepowered.com\/wp-content\/uploads\/2023\/12\/smilepraxis-logo.png\",\"width\":1544,\"height\":346,\"caption\":\"SmilePraxis\"},\"image\":{\"@id\":\"https:\/\/smilepraxis.ch\/de\/#\/schema\/logo\/image\/\"},\"sameAs\":[\"https:\/\/www.facebook.com\/smilepraxis\"]},{\"@type\":\"Person\",\"@id\":\"https:\/\/smilepraxis.ch\/de\/#\/schema\/person\/61c93ecf17b70d505adb6538d175a07f\",\"name\":\"Erik Sell\u00e9n\",\"image\":{\"@type\":\"ImageObject\",\"inLanguage\":\"de-CH\",\"@id\":\"https:\/\/smilepraxis.ch\/de\/#\/schema\/person\/image\/\",\"url\":\"https:\/\/secure.gravatar.com\/avatar\/a3589746bc5c6c816f8c74a56d649f3fbec22e3558f0ec2eb21d0d52a16ce21a?s=96&d=mm&r=g\",\"contentUrl\":\"https:\/\/secure.gravatar.com\/avatar\/a3589746bc5c6c816f8c74a56d649f3fbec22e3558f0ec2eb21d0d52a16ce21a?s=96&d=mm&r=g\",\"caption\":\"Erik Sell\u00e9n\"},\"url\":\"https:\/\/smilepraxis.ch\/de\/author\/erikfranklymedia-nu\/\"}]}<\/script>\n<!-- \/ Yoast SEO plugin. -->","yoast_head_json":{"title":"Parodontitis: Die Entz\u00fcndung im Mund \u2013 ein Risiko f\u00fcr den ganzen K\u00f6rper - SmilePraxis","description":"Parodontitis ist weit mehr als nur eine Zahnfleischentz\u00fcndung.Sie ist eine chronische Erkrankung, die den Zahnhalteapparat \u2013 also das Gewebe, das Ihre Z\u00e4hne im Kiefer festh\u00e4lt","robots":{"index":"index","follow":"follow","max-snippet":"max-snippet:-1","max-image-preview":"max-image-preview:large","max-video-preview":"max-video-preview:-1"},"canonical":"https:\/\/smilepraxis.ch\/de\/parodontitis-die-entzuendung-im-mund-ein-risiko-fuer-den-ganzen-koerper\/","og_locale":"de_DE","og_type":"article","og_title":"Parodontitis: Die Entz\u00fcndung im Mund \u2013 ein Risiko f\u00fcr den ganzen K\u00f6rper - SmilePraxis","og_description":"Parodontitis ist weit mehr als nur eine Zahnfleischentz\u00fcndung.Sie ist eine chronische Erkrankung, die den Zahnhalteapparat \u2013 also das Gewebe, das Ihre Z\u00e4hne im Kiefer festh\u00e4lt","og_url":"https:\/\/smilepraxis.ch\/de\/parodontitis-die-entzuendung-im-mund-ein-risiko-fuer-den-ganzen-koerper\/","og_site_name":"SmilePraxis","article_publisher":"https:\/\/www.facebook.com\/smilepraxis","article_published_time":"2025-09-05T14:35:56+00:00","article_modified_time":"2025-09-05T14:35:58+00:00","og_image":[{"width":1869,"height":1247,"url":"https:\/\/smilepraxis.ch\/wp-content\/uploads\/2025\/02\/6D1A3301.jpg","type":"image\/jpeg"}],"author":"Erik Sell\u00e9n","twitter_card":"summary_large_image","twitter_misc":{"Written by":"Erik Sell\u00e9n","Est. reading time":"2\u00a0Minuten"},"schema":{"@context":"https:\/\/schema.org","@graph":[{"@type":"Article","@id":"https:\/\/smilepraxis.ch\/de\/parodontitis-die-entzuendung-im-mund-ein-risiko-fuer-den-ganzen-koerper\/#article","isPartOf":{"@id":"https:\/\/smilepraxis.ch\/de\/parodontitis-die-entzuendung-im-mund-ein-risiko-fuer-den-ganzen-koerper\/"},"author":{"name":"Erik Sell\u00e9n","@id":"https:\/\/smilepraxis.ch\/de\/#\/schema\/person\/61c93ecf17b70d505adb6538d175a07f"},"headline":"Parodontitis: Die Entz\u00fcndung im Mund \u2013 ein Risiko f\u00fcr den ganzen K\u00f6rper","datePublished":"2025-09-05T14:35:56+00:00","dateModified":"2025-09-05T14:35:58+00:00","mainEntityOfPage":{"@id":"https:\/\/smilepraxis.ch\/de\/parodontitis-die-entzuendung-im-mund-ein-risiko-fuer-den-ganzen-koerper\/"},"wordCount":396,"commentCount":0,"publisher":{"@id":"https:\/\/smilepraxis.ch\/de\/#organization"},"image":{"@id":"https:\/\/smilepraxis.ch\/de\/parodontitis-die-entzuendung-im-mund-ein-risiko-fuer-den-ganzen-koerper\/#primaryimage"},"thumbnailUrl":"https:\/\/smilepraxis.ch\/wp-content\/uploads\/2025\/02\/6D1A3301.jpg","articleSection":["Aktuelles"],"inLanguage":"de-CH","potentialAction":[{"@type":"CommentAction","name":"Comment","target":["https:\/\/smilepraxis.ch\/de\/parodontitis-die-entzuendung-im-mund-ein-risiko-fuer-den-ganzen-koerper\/#respond"]}]},{"@type":"WebPage","@id":"https:\/\/smilepraxis.ch\/de\/parodontitis-die-entzuendung-im-mund-ein-risiko-fuer-den-ganzen-koerper\/","url":"https:\/\/smilepraxis.ch\/de\/parodontitis-die-entzuendung-im-mund-ein-risiko-fuer-den-ganzen-koerper\/","name":"Parodontitis: Die Entz\u00fcndung im Mund \u2013 ein Risiko f\u00fcr den ganzen K\u00f6rper - SmilePraxis","isPartOf":{"@id":"https:\/\/smilepraxis.ch\/de\/#website"},"primaryImageOfPage":{"@id":"https:\/\/smilepraxis.ch\/de\/parodontitis-die-entzuendung-im-mund-ein-risiko-fuer-den-ganzen-koerper\/#primaryimage"},"image":{"@id":"https:\/\/smilepraxis.ch\/de\/parodontitis-die-entzuendung-im-mund-ein-risiko-fuer-den-ganzen-koerper\/#primaryimage"},"thumbnailUrl":"https:\/\/smilepraxis.ch\/wp-content\/uploads\/2025\/02\/6D1A3301.jpg","datePublished":"2025-09-05T14:35:56+00:00","dateModified":"2025-09-05T14:35:58+00:00","description":"Parodontitis ist weit mehr als nur eine Zahnfleischentz\u00fcndung.Sie ist eine chronische Erkrankung, die den Zahnhalteapparat \u2013 also das Gewebe, das Ihre Z\u00e4hne im Kiefer festh\u00e4lt","breadcrumb":{"@id":"https:\/\/smilepraxis.ch\/de\/parodontitis-die-entzuendung-im-mund-ein-risiko-fuer-den-ganzen-koerper\/#breadcrumb"},"inLanguage":"de-CH","potentialAction":[{"@type":"ReadAction","target":["https:\/\/smilepraxis.ch\/de\/parodontitis-die-entzuendung-im-mund-ein-risiko-fuer-den-ganzen-koerper\/"]}]},{"@type":"ImageObject","inLanguage":"de-CH","@id":"https:\/\/smilepraxis.ch\/de\/parodontitis-die-entzuendung-im-mund-ein-risiko-fuer-den-ganzen-koerper\/#primaryimage","url":"https:\/\/smilepraxis.ch\/wp-content\/uploads\/2025\/02\/6D1A3301.jpg","contentUrl":"https:\/\/smilepraxis.ch\/wp-content\/uploads\/2025\/02\/6D1A3301.jpg","width":1869,"height":1247},{"@type":"BreadcrumbList","@id":"https:\/\/smilepraxis.ch\/de\/parodontitis-die-entzuendung-im-mund-ein-risiko-fuer-den-ganzen-koerper\/#breadcrumb","itemListElement":[{"@type":"ListItem","position":1,"name":"Home","item":"https:\/\/smilepraxis.ch\/de\/"},{"@type":"ListItem","position":2,"name":"Parodontitis: Die Entz\u00fcndung im Mund \u2013 ein Risiko f\u00fcr den ganzen K\u00f6rper"}]},{"@type":"WebSite","@id":"https:\/\/smilepraxis.ch\/de\/#website","url":"https:\/\/smilepraxis.ch\/de\/","name":"SmilePraxis","description":"","publisher":{"@id":"https:\/\/smilepraxis.ch\/de\/#organization"},"potentialAction":[{"@type":"SearchAction","target":{"@type":"EntryPoint","urlTemplate":"https:\/\/smilepraxis.ch\/de\/?s={search_term_string}"},"query-input":{"@type":"PropertyValueSpecification","valueRequired":true,"valueName":"search_term_string"}}],"inLanguage":"de-CH"},{"@type":"Organization","@id":"https:\/\/smilepraxis.ch\/de\/#organization","name":"SmilePraxis","url":"https:\/\/smilepraxis.ch\/de\/","logo":{"@type":"ImageObject","inLanguage":"de-CH","@id":"https:\/\/smilepraxis.ch\/de\/#\/schema\/logo\/image\/","url":"https:\/\/smilepraxis.wpenginepowered.com\/wp-content\/uploads\/2023\/12\/smilepraxis-logo.png","contentUrl":"https:\/\/smilepraxis.wpenginepowered.com\/wp-content\/uploads\/2023\/12\/smilepraxis-logo.png","width":1544,"height":346,"caption":"SmilePraxis"},"image":{"@id":"https:\/\/smilepraxis.ch\/de\/#\/schema\/logo\/image\/"},"sameAs":["https:\/\/www.facebook.com\/smilepraxis"]},{"@type":"Person","@id":"https:\/\/smilepraxis.ch\/de\/#\/schema\/person\/61c93ecf17b70d505adb6538d175a07f","name":"Erik Sell\u00e9n","image":{"@type":"ImageObject","inLanguage":"de-CH","@id":"https:\/\/smilepraxis.ch\/de\/#\/schema\/person\/image\/","url":"https:\/\/secure.gravatar.com\/avatar\/a3589746bc5c6c816f8c74a56d649f3fbec22e3558f0ec2eb21d0d52a16ce21a?s=96&d=mm&r=g","contentUrl":"https:\/\/secure.gravatar.com\/avatar\/a3589746bc5c6c816f8c74a56d649f3fbec22e3558f0ec2eb21d0d52a16ce21a?s=96&d=mm&r=g","caption":"Erik Sell\u00e9n"},"url":"https:\/\/smilepraxis.ch\/de\/author\/erikfranklymedia-nu\/"}]}},"featured_image_src":"https:\/\/smilepraxis.ch\/wp-content\/uploads\/2025\/02\/6D1A3301.jpg","featured_image_src_square":"https:\/\/smilepraxis.ch\/wp-content\/uploads\/2025\/02\/6D1A3301.jpg","author_info":{"display_name":"Erik Sell\u00e9n","author_link":"https:\/\/smilepraxis.ch\/de\/author\/erikfranklymedia-nu\/"},"_links":{"self":[{"href":"https:\/\/smilepraxis.ch\/de\/wp-json\/wp\/v2\/posts\/2165","targetHints":{"allow":["GET"]}}],"collection":[{"href":"https:\/\/smilepraxis.ch\/de\/wp-json\/wp\/v2\/posts"}],"about":[{"href":"https:\/\/smilepraxis.ch\/de\/wp-json\/wp\/v2\/types\/post"}],"author":[{"embeddable":true,"href":"https:\/\/smilepraxis.ch\/de\/wp-json\/wp\/v2\/users\/3"}],"replies":[{"embeddable":true,"href":"https:\/\/smilepraxis.ch\/de\/wp-json\/wp\/v2\/comments?post=2165"}],"version-history":[{"count":0,"href":"https:\/\/smilepraxis.ch\/de\/wp-json\/wp\/v2\/posts\/2165\/revisions"}],"wp:featuredmedia":[{"embeddable":true,"href":"https:\/\/smilepraxis.ch\/de\/wp-json\/wp\/v2\/media\/1384"}],"wp:attachment":[{"href":"https:\/\/smilepraxis.ch\/de\/wp-json\/wp\/v2\/media?parent=2165"}],"wp:term":[{"taxonomy":"category","embeddable":true,"href":"https:\/\/smilepraxis.ch\/de\/wp-json\/wp\/v2\/categories?post=2165"},{"taxonomy":"post_tag","embeddable":true,"href":"https:\/\/smilepraxis.ch\/de\/wp-json\/wp\/v2\/tags?post=2165"}],"curies":[{"name":"wp","href":"https:\/\/api.w.org\/{rel}","templated":true}]}}