{"id":2895,"date":"2026-03-12T15:32:20","date_gmt":"2026-03-12T15:32:20","guid":{"rendered":"https:\/\/smilepraxis.ch\/de\/?p=2895"},"modified":"2026-03-12T15:32:22","modified_gmt":"2026-03-12T15:32:22","slug":"mundgesundheit-allgemeingesundheit-wie-ihr-laecheln-ihren-koerper-schuetzt","status":"publish","type":"post","link":"https:\/\/smilepraxis.ch\/de\/mundgesundheit-allgemeingesundheit-wie-ihr-laecheln-ihren-koerper-schuetzt\/","title":{"rendered":"Mundgesundheit &amp; Allgemeingesundheit \u2013 Wie Ihr L\u00e4cheln Ihren K\u00f6rper sch\u00fctzt"},"content":{"rendered":"\n<p>Gesund. Ganzheitlich. Lebenswichtig.<\/p>\n\n\n\n<p>In der SmilePraxis betrachten wir Ihre Gesundheit immer im Ganzen. Denn gesunde Z\u00e4hne und ein gesundes Zahnfleisch beeinflussen weit mehr als nur Ihr L\u00e4cheln. Zahlreiche wissenschaftliche Erkenntnisse zeigen: Eine gute Mundgesundheit wirkt sich positiv auf Herz, Stoffwechsel, Immunsystem und Ihr allgemeines Wohlbefinden aus. Wenn Sie sich pers\u00f6nlich beraten lassen m\u00f6chten, sind wir gerne f\u00fcr Sie da in <a href=\"https:\/\/smilepraxis.ch\/de\/standorte\/zahnarzt-chur\/\">Zahnarzt Chur<\/a> und <a href=\"https:\/\/smilepraxis.ch\/de\/standorte\/zahnarzt-malans\/\">Zahnarzt Malans<\/a>.<\/p>\n\n\n\n<h2 class=\"wp-block-heading\">Warum spielt die Mundgesundheit eine so gro\u00dfe Rolle?<\/h2>\n\n\n\n<p>Der Mund ist der Eingang zu Ihrem K\u00f6rper \u2013 und damit ein zentraler Gesundheitsfaktor. Entz\u00fcndungen im Zahnfleisch oder bakterielle Belastungen k\u00f6nnen sich \u00fcber die Blutbahn im gesamten K\u00f6rper ausbreiten und verschiedene Erkrankungen beg\u00fcnstigen oder verst\u00e4rken.<\/p>\n\n\n\n<h2 class=\"wp-block-heading\"><strong><strong><strong><strong><strong>Ihre Vorteile einer guten Mundgesundheit:<\/strong><\/strong><\/strong><\/strong><\/strong><\/h2>\n\n\n\n<ul class=\"wp-block-list\">\n<li><strong>St\u00e4rkeres Herz-Kreislauf-System:<\/strong> Weniger Entz\u00fcndungsherde, geringeres Risiko f\u00fcr Herzinfarkt &amp; Schlaganfall<\/li>\n\n\n\n<li><strong>Bessere Diabeteskontrolle:<\/strong> Gesundes Zahnfleisch unterst\u00fctzt stabile Blutzuckerwerte<\/li>\n\n\n\n<li><strong>Starkes Immunsystem:<\/strong> Weniger bakterielle Belastung im K\u00f6rper<\/li>\n\n\n\n<li><strong>Mehr Wohlbefinden:<\/strong> Weniger Entz\u00fcndungen bedeuten mehr Energie im Alltag<\/li>\n\n\n\n<li><strong>Schutz in jeder Lebensphase:<\/strong> Besonders wichtig f\u00fcr Schwangere, Senioren und Menschen mit Vorerkrankungen<\/li>\n<\/ul>\n\n\n\n<h2 class=\"wp-block-heading\"><strong><strong><strong><strong>Ideal f\u00fcr:<\/strong><\/strong><\/strong><\/strong><\/h2>\n\n\n\n<ul class=\"wp-block-list\">\n<li>Menschen mit Herz-Kreislauf-Erkrankungen<\/li>\n\n\n\n<li>Patient:innen mit Diabetes oder erh\u00f6htem Risiko<\/li>\n\n\n\n<li>Schwangere \u2013 zur Vorbeugung von Komplikationen<\/li>\n\n\n\n<li>Senioren und Personen mit geschw\u00e4chtem Immunsystem<\/li>\n\n\n\n<li>Alle, die ihre Gesundheit ganzheitlich st\u00e4rken m\u00f6chten<\/li>\n<\/ul>\n\n\n\n<h2 class=\"wp-block-heading\"><strong><strong><strong>So h\u00e4ngt alles zusammen:<\/strong><\/strong><\/strong><\/h2>\n\n\n\n<h2 class=\"wp-block-heading\"><strong>Herz &amp; Gef\u00e4\u00dfe<\/strong><\/h2>\n\n\n\n<p>Bakterien aus entz\u00fcndetem Zahnfleisch k\u00f6nnen in die Blutbahn gelangen und arterielle Entz\u00fcndungen f\u00f6rdern \u2013 ein Risikofaktor f\u00fcr Herzinfarkt und Schlaganfall.<\/p>\n\n\n\n<h2 class=\"wp-block-heading\"><strong>Diabetes &amp; Stoffwechsel<\/strong><\/h2>\n\n\n\n<p><a href=\"https:\/\/smilepraxis.ch\/de\/behandlungen\/zahnfleischbluten\/\">Parodontitis<\/a> erschwert die Blutzuckerregulation. Umgekehrt erh\u00f6ht schlecht eingestellter Diabetes das Risiko f\u00fcr Zahnfleischentz\u00fcndungen \u2013 ein Teufelskreis, den man durch gute Mundhygiene durchbricht.<\/p>\n\n\n\n<h2 class=\"wp-block-heading\"><strong>Schwangerschaft &amp; Fr\u00fchgeburtlichkeit<\/strong><\/h2>\n\n\n\n<p>Entz\u00fcndungen im Mundbereich erh\u00f6hen das Risiko f\u00fcr Fr\u00fchgeburten oder niedriges Geburtsgewicht. <a href=\"https:\/\/smilepraxis.ch\/de\/behandlungen\/zahnkontrolle\/\">Regelm\u00e4ssige zahn\u00e4rztliche<\/a> <a href=\"https:\/\/smilepraxis.ch\/de\/behandlungen\/zahnkontrolle\/\">Kontrollen<\/a> sind daher besonders wichtig.<\/p>\n\n\n\n<h2 class=\"wp-block-heading\"><strong>Immunsystem &amp; allgemeines Wohlbefinden<\/strong><\/h2>\n\n\n\n<p>Entz\u00fcndungen im Mund belasten den K\u00f6rper dauerhaft. Wird die Entz\u00fcndung beseitigt, verbessert sich oft das gesamte Allgemeinbefinden.<\/p>\n\n\n\n<h2 class=\"wp-block-heading\"><strong>So sch\u00fctzen Sie Ihre Gesundheit:<\/strong><\/h2>\n\n\n\n<p><strong><a href=\"https:\/\/smilepraxis.ch\/de\/behandlungen\/dentalhygiene\/\">Professionelle Dentalhygiene<\/a>:<\/strong><br>Regelm\u00e4ssige Entfernung von Bel\u00e4gen \u2013 die Basis f\u00fcr entz\u00fcndungsfreies Zahnfleisch.<\/p>\n\n\n\n<p><strong>Richtige Mundhygiene zu Hause:<\/strong><br>T\u00e4gliches Putzen und Interdentalpflege verhindern neue Entz\u00fcndungen.<\/p>\n\n\n\n<p><strong>Regelm\u00e4ssige Kontrolltermine:<\/strong><br>Fr\u00fchzeitiges Erkennen sch\u00fctzt vor komplexen Behandlungen.<\/p>\n\n\n\n<p><strong>Medizinische Zusammenarbeit:<\/strong><br>Bei Herz-Patienten, Diabetikern oder Schwangeren arbeiten wir eng abgestimmt und individuell.<\/p>\n\n\n\n<p>Gesundheit beginnt im Mund \u2013 und wirkt im ganzen K\u00f6rper. Mit konsequenter Pflege und professioneller Betreuung k\u00f6nnen Sie viel f\u00fcr Ihr langfristiges Wohlbefinden tun.<\/p>\n\n\n\n<p><strong>Jetzt Termin vereinbaren \u2013 wir unterst\u00fctzen Sie auf Ihrem Weg zu ganzheitlicher Gesundheit!<\/strong><br><em>Ihr SmilePraxis Team<\/em><\/p>\n\n\n\n<p><\/p>\n\n\n\n<p><\/p>\n\n\n\n<h2 class=\"wp-block-heading\"><\/h2>\n\n\n\n<p><\/p>\n","protected":false},"excerpt":{"rendered":"<p>Gesund. Ganzheitlich. Lebenswichtig. In der SmilePraxis betrachten wir Ihre Gesundheit immer im Ganzen. Denn gesunde Z\u00e4hne und ein gesundes Zahnfleisch beeinflussen weit mehr als nur Ihr L\u00e4cheln. Zahlreiche wissenschaftliche Erkenntnisse zeigen: Eine gute Mundgesundheit wirkt sich positiv auf Herz, Stoffwechsel, Immunsystem und Ihr allgemeines Wohlbefinden aus. Wenn Sie sich pers\u00f6nlich beraten lassen m\u00f6chten, sind wir [&hellip;]<\/p>\n","protected":false},"author":3,"featured_media":2897,"comment_status":"open","ping_status":"open","sticky":false,"template":"","format":"standard","meta":{"_acf_changed":false,"footnotes":""},"categories":[6],"tags":[],"class_list":["post-2895","post","type-post","status-publish","format-standard","has-post-thumbnail","hentry","category-aktuelles"],"acf":[],"yoast_head":"<!-- This site is optimized with the Yoast SEO plugin v26.1.1 - https:\/\/yoast.com\/wordpress\/plugins\/seo\/ -->\n<title>Zahngesundheit in der Schwangerschaft | Tipps vom Zahnarzt<\/title>\n<meta name=\"description\" content=\"Erfahren Sie, welche Ver\u00e4nderungen im Mund w\u00e4hrend der Schwangerschaft auftreten k\u00f6nnen und wie Sie Z\u00e4hne und Zahnfleisch richtig pflegen.\" \/>\n<meta name=\"robots\" content=\"index, follow, max-snippet:-1, max-image-preview:large, max-video-preview:-1\" \/>\n<link rel=\"canonical\" href=\"https:\/\/smilepraxis.ch\/de\/mundgesundheit-allgemeingesundheit-wie-ihr-laecheln-ihren-koerper-schuetzt\/\" \/>\n<meta property=\"og:locale\" content=\"de_DE\" \/>\n<meta property=\"og:type\" content=\"article\" \/>\n<meta property=\"og:title\" content=\"Zahngesundheit in der Schwangerschaft | Tipps vom Zahnarzt\" \/>\n<meta property=\"og:description\" content=\"Erfahren Sie, welche Ver\u00e4nderungen im Mund w\u00e4hrend der Schwangerschaft auftreten k\u00f6nnen und wie Sie Z\u00e4hne und Zahnfleisch richtig pflegen.\" \/>\n<meta property=\"og:url\" content=\"https:\/\/smilepraxis.ch\/de\/mundgesundheit-allgemeingesundheit-wie-ihr-laecheln-ihren-koerper-schuetzt\/\" \/>\n<meta property=\"og:site_name\" content=\"SmilePraxis\" \/>\n<meta property=\"article:publisher\" content=\"https:\/\/www.facebook.com\/smilepraxis\" \/>\n<meta property=\"article:published_time\" content=\"2026-03-12T15:32:20+00:00\" \/>\n<meta property=\"article:modified_time\" content=\"2026-03-12T15:32:22+00:00\" \/>\n<meta property=\"og:image\" content=\"https:\/\/smilepraxis.ch\/wp-content\/uploads\/2026\/03\/6D1A0082-1024x683.jpg\" \/>\n\t<meta property=\"og:image:width\" content=\"1024\" \/>\n\t<meta property=\"og:image:height\" content=\"683\" \/>\n\t<meta property=\"og:image:type\" content=\"image\/jpeg\" \/>\n<meta name=\"author\" content=\"Erik Sell\u00e9n\" \/>\n<meta name=\"twitter:card\" content=\"summary_large_image\" \/>\n<meta name=\"twitter:label1\" content=\"Written by\" \/>\n\t<meta name=\"twitter:data1\" content=\"Erik Sell\u00e9n\" \/>\n\t<meta name=\"twitter:label2\" content=\"Est. reading time\" \/>\n\t<meta name=\"twitter:data2\" content=\"3\u00a0Minuten\" \/>\n<script type=\"application\/ld+json\" class=\"yoast-schema-graph\">{\"@context\":\"https:\/\/schema.org\",\"@graph\":[{\"@type\":\"Article\",\"@id\":\"https:\/\/smilepraxis.ch\/de\/mundgesundheit-allgemeingesundheit-wie-ihr-laecheln-ihren-koerper-schuetzt\/#article\",\"isPartOf\":{\"@id\":\"https:\/\/smilepraxis.ch\/de\/mundgesundheit-allgemeingesundheit-wie-ihr-laecheln-ihren-koerper-schuetzt\/\"},\"author\":{\"name\":\"Erik Sell\u00e9n\",\"@id\":\"https:\/\/smilepraxis.ch\/de\/#\/schema\/person\/61c93ecf17b70d505adb6538d175a07f\"},\"headline\":\"Mundgesundheit &amp; Allgemeingesundheit \u2013 Wie Ihr L\u00e4cheln Ihren K\u00f6rper sch\u00fctzt\",\"datePublished\":\"2026-03-12T15:32:20+00:00\",\"dateModified\":\"2026-03-12T15:32:22+00:00\",\"mainEntityOfPage\":{\"@id\":\"https:\/\/smilepraxis.ch\/de\/mundgesundheit-allgemeingesundheit-wie-ihr-laecheln-ihren-koerper-schuetzt\/\"},\"wordCount\":436,\"commentCount\":0,\"publisher\":{\"@id\":\"https:\/\/smilepraxis.ch\/de\/#organization\"},\"image\":{\"@id\":\"https:\/\/smilepraxis.ch\/de\/mundgesundheit-allgemeingesundheit-wie-ihr-laecheln-ihren-koerper-schuetzt\/#primaryimage\"},\"thumbnailUrl\":\"https:\/\/smilepraxis.ch\/wp-content\/uploads\/2026\/03\/6D1A0082.jpg\",\"articleSection\":[\"Aktuelles\"],\"inLanguage\":\"de-CH\",\"potentialAction\":[{\"@type\":\"CommentAction\",\"name\":\"Comment\",\"target\":[\"https:\/\/smilepraxis.ch\/de\/mundgesundheit-allgemeingesundheit-wie-ihr-laecheln-ihren-koerper-schuetzt\/#respond\"]}]},{\"@type\":\"WebPage\",\"@id\":\"https:\/\/smilepraxis.ch\/de\/mundgesundheit-allgemeingesundheit-wie-ihr-laecheln-ihren-koerper-schuetzt\/\",\"url\":\"https:\/\/smilepraxis.ch\/de\/mundgesundheit-allgemeingesundheit-wie-ihr-laecheln-ihren-koerper-schuetzt\/\",\"name\":\"Zahngesundheit in der Schwangerschaft | Tipps vom Zahnarzt\",\"isPartOf\":{\"@id\":\"https:\/\/smilepraxis.ch\/de\/#website\"},\"primaryImageOfPage\":{\"@id\":\"https:\/\/smilepraxis.ch\/de\/mundgesundheit-allgemeingesundheit-wie-ihr-laecheln-ihren-koerper-schuetzt\/#primaryimage\"},\"image\":{\"@id\":\"https:\/\/smilepraxis.ch\/de\/mundgesundheit-allgemeingesundheit-wie-ihr-laecheln-ihren-koerper-schuetzt\/#primaryimage\"},\"thumbnailUrl\":\"https:\/\/smilepraxis.ch\/wp-content\/uploads\/2026\/03\/6D1A0082.jpg\",\"datePublished\":\"2026-03-12T15:32:20+00:00\",\"dateModified\":\"2026-03-12T15:32:22+00:00\",\"description\":\"Erfahren Sie, welche Ver\u00e4nderungen im Mund w\u00e4hrend der Schwangerschaft auftreten k\u00f6nnen und wie Sie Z\u00e4hne und Zahnfleisch richtig pflegen.\",\"breadcrumb\":{\"@id\":\"https:\/\/smilepraxis.ch\/de\/mundgesundheit-allgemeingesundheit-wie-ihr-laecheln-ihren-koerper-schuetzt\/#breadcrumb\"},\"inLanguage\":\"de-CH\",\"potentialAction\":[{\"@type\":\"ReadAction\",\"target\":[\"https:\/\/smilepraxis.ch\/de\/mundgesundheit-allgemeingesundheit-wie-ihr-laecheln-ihren-koerper-schuetzt\/\"]}]},{\"@type\":\"ImageObject\",\"inLanguage\":\"de-CH\",\"@id\":\"https:\/\/smilepraxis.ch\/de\/mundgesundheit-allgemeingesundheit-wie-ihr-laecheln-ihren-koerper-schuetzt\/#primaryimage\",\"url\":\"https:\/\/smilepraxis.ch\/wp-content\/uploads\/2026\/03\/6D1A0082.jpg\",\"contentUrl\":\"https:\/\/smilepraxis.ch\/wp-content\/uploads\/2026\/03\/6D1A0082.jpg\",\"width\":7918,\"height\":5281},{\"@type\":\"BreadcrumbList\",\"@id\":\"https:\/\/smilepraxis.ch\/de\/mundgesundheit-allgemeingesundheit-wie-ihr-laecheln-ihren-koerper-schuetzt\/#breadcrumb\",\"itemListElement\":[{\"@type\":\"ListItem\",\"position\":1,\"name\":\"Home\",\"item\":\"https:\/\/smilepraxis.ch\/de\/\"},{\"@type\":\"ListItem\",\"position\":2,\"name\":\"Mundgesundheit &amp; Allgemeingesundheit \u2013 Wie Ihr L\u00e4cheln Ihren K\u00f6rper sch\u00fctzt\"}]},{\"@type\":\"WebSite\",\"@id\":\"https:\/\/smilepraxis.ch\/de\/#website\",\"url\":\"https:\/\/smilepraxis.ch\/de\/\",\"name\":\"SmilePraxis\",\"description\":\"\",\"publisher\":{\"@id\":\"https:\/\/smilepraxis.ch\/de\/#organization\"},\"potentialAction\":[{\"@type\":\"SearchAction\",\"target\":{\"@type\":\"EntryPoint\",\"urlTemplate\":\"https:\/\/smilepraxis.ch\/de\/?s={search_term_string}\"},\"query-input\":{\"@type\":\"PropertyValueSpecification\",\"valueRequired\":true,\"valueName\":\"search_term_string\"}}],\"inLanguage\":\"de-CH\"},{\"@type\":\"Organization\",\"@id\":\"https:\/\/smilepraxis.ch\/de\/#organization\",\"name\":\"SmilePraxis\",\"url\":\"https:\/\/smilepraxis.ch\/de\/\",\"logo\":{\"@type\":\"ImageObject\",\"inLanguage\":\"de-CH\",\"@id\":\"https:\/\/smilepraxis.ch\/de\/#\/schema\/logo\/image\/\",\"url\":\"https:\/\/smilepraxis.wpenginepowered.com\/wp-content\/uploads\/2023\/12\/smilepraxis-logo.png\",\"contentUrl\":\"https:\/\/smilepraxis.wpenginepowered.com\/wp-content\/uploads\/2023\/12\/smilepraxis-logo.png\",\"width\":1544,\"height\":346,\"caption\":\"SmilePraxis\"},\"image\":{\"@id\":\"https:\/\/smilepraxis.ch\/de\/#\/schema\/logo\/image\/\"},\"sameAs\":[\"https:\/\/www.facebook.com\/smilepraxis\"]},{\"@type\":\"Person\",\"@id\":\"https:\/\/smilepraxis.ch\/de\/#\/schema\/person\/61c93ecf17b70d505adb6538d175a07f\",\"name\":\"Erik Sell\u00e9n\",\"image\":{\"@type\":\"ImageObject\",\"inLanguage\":\"de-CH\",\"@id\":\"https:\/\/smilepraxis.ch\/de\/#\/schema\/person\/image\/\",\"url\":\"https:\/\/secure.gravatar.com\/avatar\/a3589746bc5c6c816f8c74a56d649f3fbec22e3558f0ec2eb21d0d52a16ce21a?s=96&d=mm&r=g\",\"contentUrl\":\"https:\/\/secure.gravatar.com\/avatar\/a3589746bc5c6c816f8c74a56d649f3fbec22e3558f0ec2eb21d0d52a16ce21a?s=96&d=mm&r=g\",\"caption\":\"Erik Sell\u00e9n\"},\"url\":\"https:\/\/smilepraxis.ch\/de\/author\/erikfranklymedia-nu\/\"}]}<\/script>\n<!-- \/ Yoast SEO plugin. -->","yoast_head_json":{"title":"Zahngesundheit in der Schwangerschaft | Tipps vom Zahnarzt","description":"Erfahren Sie, welche Ver\u00e4nderungen im Mund w\u00e4hrend der Schwangerschaft auftreten k\u00f6nnen und wie Sie Z\u00e4hne und Zahnfleisch richtig pflegen.","robots":{"index":"index","follow":"follow","max-snippet":"max-snippet:-1","max-image-preview":"max-image-preview:large","max-video-preview":"max-video-preview:-1"},"canonical":"https:\/\/smilepraxis.ch\/de\/mundgesundheit-allgemeingesundheit-wie-ihr-laecheln-ihren-koerper-schuetzt\/","og_locale":"de_DE","og_type":"article","og_title":"Zahngesundheit in der Schwangerschaft | Tipps vom Zahnarzt","og_description":"Erfahren Sie, welche Ver\u00e4nderungen im Mund w\u00e4hrend der Schwangerschaft auftreten k\u00f6nnen und wie Sie Z\u00e4hne und Zahnfleisch richtig pflegen.","og_url":"https:\/\/smilepraxis.ch\/de\/mundgesundheit-allgemeingesundheit-wie-ihr-laecheln-ihren-koerper-schuetzt\/","og_site_name":"SmilePraxis","article_publisher":"https:\/\/www.facebook.com\/smilepraxis","article_published_time":"2026-03-12T15:32:20+00:00","article_modified_time":"2026-03-12T15:32:22+00:00","og_image":[{"width":1024,"height":683,"url":"https:\/\/smilepraxis.ch\/wp-content\/uploads\/2026\/03\/6D1A0082-1024x683.jpg","type":"image\/jpeg"}],"author":"Erik Sell\u00e9n","twitter_card":"summary_large_image","twitter_misc":{"Written by":"Erik Sell\u00e9n","Est. reading time":"3\u00a0Minuten"},"schema":{"@context":"https:\/\/schema.org","@graph":[{"@type":"Article","@id":"https:\/\/smilepraxis.ch\/de\/mundgesundheit-allgemeingesundheit-wie-ihr-laecheln-ihren-koerper-schuetzt\/#article","isPartOf":{"@id":"https:\/\/smilepraxis.ch\/de\/mundgesundheit-allgemeingesundheit-wie-ihr-laecheln-ihren-koerper-schuetzt\/"},"author":{"name":"Erik Sell\u00e9n","@id":"https:\/\/smilepraxis.ch\/de\/#\/schema\/person\/61c93ecf17b70d505adb6538d175a07f"},"headline":"Mundgesundheit &amp; Allgemeingesundheit \u2013 Wie Ihr L\u00e4cheln Ihren K\u00f6rper sch\u00fctzt","datePublished":"2026-03-12T15:32:20+00:00","dateModified":"2026-03-12T15:32:22+00:00","mainEntityOfPage":{"@id":"https:\/\/smilepraxis.ch\/de\/mundgesundheit-allgemeingesundheit-wie-ihr-laecheln-ihren-koerper-schuetzt\/"},"wordCount":436,"commentCount":0,"publisher":{"@id":"https:\/\/smilepraxis.ch\/de\/#organization"},"image":{"@id":"https:\/\/smilepraxis.ch\/de\/mundgesundheit-allgemeingesundheit-wie-ihr-laecheln-ihren-koerper-schuetzt\/#primaryimage"},"thumbnailUrl":"https:\/\/smilepraxis.ch\/wp-content\/uploads\/2026\/03\/6D1A0082.jpg","articleSection":["Aktuelles"],"inLanguage":"de-CH","potentialAction":[{"@type":"CommentAction","name":"Comment","target":["https:\/\/smilepraxis.ch\/de\/mundgesundheit-allgemeingesundheit-wie-ihr-laecheln-ihren-koerper-schuetzt\/#respond"]}]},{"@type":"WebPage","@id":"https:\/\/smilepraxis.ch\/de\/mundgesundheit-allgemeingesundheit-wie-ihr-laecheln-ihren-koerper-schuetzt\/","url":"https:\/\/smilepraxis.ch\/de\/mundgesundheit-allgemeingesundheit-wie-ihr-laecheln-ihren-koerper-schuetzt\/","name":"Zahngesundheit in der Schwangerschaft | Tipps vom Zahnarzt","isPartOf":{"@id":"https:\/\/smilepraxis.ch\/de\/#website"},"primaryImageOfPage":{"@id":"https:\/\/smilepraxis.ch\/de\/mundgesundheit-allgemeingesundheit-wie-ihr-laecheln-ihren-koerper-schuetzt\/#primaryimage"},"image":{"@id":"https:\/\/smilepraxis.ch\/de\/mundgesundheit-allgemeingesundheit-wie-ihr-laecheln-ihren-koerper-schuetzt\/#primaryimage"},"thumbnailUrl":"https:\/\/smilepraxis.ch\/wp-content\/uploads\/2026\/03\/6D1A0082.jpg","datePublished":"2026-03-12T15:32:20+00:00","dateModified":"2026-03-12T15:32:22+00:00","description":"Erfahren Sie, welche Ver\u00e4nderungen im Mund w\u00e4hrend der Schwangerschaft auftreten k\u00f6nnen und wie Sie Z\u00e4hne und Zahnfleisch richtig pflegen.","breadcrumb":{"@id":"https:\/\/smilepraxis.ch\/de\/mundgesundheit-allgemeingesundheit-wie-ihr-laecheln-ihren-koerper-schuetzt\/#breadcrumb"},"inLanguage":"de-CH","potentialAction":[{"@type":"ReadAction","target":["https:\/\/smilepraxis.ch\/de\/mundgesundheit-allgemeingesundheit-wie-ihr-laecheln-ihren-koerper-schuetzt\/"]}]},{"@type":"ImageObject","inLanguage":"de-CH","@id":"https:\/\/smilepraxis.ch\/de\/mundgesundheit-allgemeingesundheit-wie-ihr-laecheln-ihren-koerper-schuetzt\/#primaryimage","url":"https:\/\/smilepraxis.ch\/wp-content\/uploads\/2026\/03\/6D1A0082.jpg","contentUrl":"https:\/\/smilepraxis.ch\/wp-content\/uploads\/2026\/03\/6D1A0082.jpg","width":7918,"height":5281},{"@type":"BreadcrumbList","@id":"https:\/\/smilepraxis.ch\/de\/mundgesundheit-allgemeingesundheit-wie-ihr-laecheln-ihren-koerper-schuetzt\/#breadcrumb","itemListElement":[{"@type":"ListItem","position":1,"name":"Home","item":"https:\/\/smilepraxis.ch\/de\/"},{"@type":"ListItem","position":2,"name":"Mundgesundheit &amp; Allgemeingesundheit \u2013 Wie Ihr L\u00e4cheln Ihren K\u00f6rper sch\u00fctzt"}]},{"@type":"WebSite","@id":"https:\/\/smilepraxis.ch\/de\/#website","url":"https:\/\/smilepraxis.ch\/de\/","name":"SmilePraxis","description":"","publisher":{"@id":"https:\/\/smilepraxis.ch\/de\/#organization"},"potentialAction":[{"@type":"SearchAction","target":{"@type":"EntryPoint","urlTemplate":"https:\/\/smilepraxis.ch\/de\/?s={search_term_string}"},"query-input":{"@type":"PropertyValueSpecification","valueRequired":true,"valueName":"search_term_string"}}],"inLanguage":"de-CH"},{"@type":"Organization","@id":"https:\/\/smilepraxis.ch\/de\/#organization","name":"SmilePraxis","url":"https:\/\/smilepraxis.ch\/de\/","logo":{"@type":"ImageObject","inLanguage":"de-CH","@id":"https:\/\/smilepraxis.ch\/de\/#\/schema\/logo\/image\/","url":"https:\/\/smilepraxis.wpenginepowered.com\/wp-content\/uploads\/2023\/12\/smilepraxis-logo.png","contentUrl":"https:\/\/smilepraxis.wpenginepowered.com\/wp-content\/uploads\/2023\/12\/smilepraxis-logo.png","width":1544,"height":346,"caption":"SmilePraxis"},"image":{"@id":"https:\/\/smilepraxis.ch\/de\/#\/schema\/logo\/image\/"},"sameAs":["https:\/\/www.facebook.com\/smilepraxis"]},{"@type":"Person","@id":"https:\/\/smilepraxis.ch\/de\/#\/schema\/person\/61c93ecf17b70d505adb6538d175a07f","name":"Erik Sell\u00e9n","image":{"@type":"ImageObject","inLanguage":"de-CH","@id":"https:\/\/smilepraxis.ch\/de\/#\/schema\/person\/image\/","url":"https:\/\/secure.gravatar.com\/avatar\/a3589746bc5c6c816f8c74a56d649f3fbec22e3558f0ec2eb21d0d52a16ce21a?s=96&d=mm&r=g","contentUrl":"https:\/\/secure.gravatar.com\/avatar\/a3589746bc5c6c816f8c74a56d649f3fbec22e3558f0ec2eb21d0d52a16ce21a?s=96&d=mm&r=g","caption":"Erik Sell\u00e9n"},"url":"https:\/\/smilepraxis.ch\/de\/author\/erikfranklymedia-nu\/"}]}},"featured_image_src":"https:\/\/smilepraxis.ch\/wp-content\/uploads\/2026\/03\/6D1A0082-600x400.jpg","featured_image_src_square":"https:\/\/smilepraxis.ch\/wp-content\/uploads\/2026\/03\/6D1A0082-600x600.jpg","author_info":{"display_name":"Erik Sell\u00e9n","author_link":"https:\/\/smilepraxis.ch\/de\/author\/erikfranklymedia-nu\/"},"_links":{"self":[{"href":"https:\/\/smilepraxis.ch\/de\/wp-json\/wp\/v2\/posts\/2895","targetHints":{"allow":["GET"]}}],"collection":[{"href":"https:\/\/smilepraxis.ch\/de\/wp-json\/wp\/v2\/posts"}],"about":[{"href":"https:\/\/smilepraxis.ch\/de\/wp-json\/wp\/v2\/types\/post"}],"author":[{"embeddable":true,"href":"https:\/\/smilepraxis.ch\/de\/wp-json\/wp\/v2\/users\/3"}],"replies":[{"embeddable":true,"href":"https:\/\/smilepraxis.ch\/de\/wp-json\/wp\/v2\/comments?post=2895"}],"version-history":[{"count":4,"href":"https:\/\/smilepraxis.ch\/de\/wp-json\/wp\/v2\/posts\/2895\/revisions"}],"predecessor-version":[{"id":2928,"href":"https:\/\/smilepraxis.ch\/de\/wp-json\/wp\/v2\/posts\/2895\/revisions\/2928"}],"wp:featuredmedia":[{"embeddable":true,"href":"https:\/\/smilepraxis.ch\/de\/wp-json\/wp\/v2\/media\/2897"}],"wp:attachment":[{"href":"https:\/\/smilepraxis.ch\/de\/wp-json\/wp\/v2\/media?parent=2895"}],"wp:term":[{"taxonomy":"category","embeddable":true,"href":"https:\/\/smilepraxis.ch\/de\/wp-json\/wp\/v2\/categories?post=2895"},{"taxonomy":"post_tag","embeddable":true,"href":"https:\/\/smilepraxis.ch\/de\/wp-json\/wp\/v2\/tags?post=2895"}],"curies":[{"name":"wp","href":"https:\/\/api.w.org\/{rel}","templated":true}]}}